{"id":262601,"date":"2023-07-20T21:01:20","date_gmt":"2023-07-21T01:01:20","guid":{"rendered":"https:\/\/colombiamyway.com\/haeufig-gestellte-fragen-cartagena-2\/"},"modified":"2025-09-06T14:15:30","modified_gmt":"2025-09-06T18:15:30","slug":"haeufig-gestellte-fragen-cartagena","status":"publish","type":"post","link":"https:\/\/colombiamyway.com\/de\/haeufig-gestellte-fragen-cartagena\/","title":{"rendered":"H\u00e4ufig gestellte Fragen Cartagena"},"content":{"rendered":"<p>[et_pb_section fb_built=&#8221;1&#8243; fullwidth=&#8221;on&#8221; admin_label=&#8221;Header&#8221; _builder_version=&#8221;4.27.4&#8243; background_enable_color=&#8221;off&#8221; background_image=&#8221;https:\/\/naarcolombia.com\/wp-content\/uploads\/2022\/06\/veel-gestelde-vragen-over-Medellin_Colombia.png&#8221; custom_margin=&#8221;||||false|false&#8221; custom_padding=&#8221;250px||250px||false|false&#8221; bottom_divider_style=&#8221;wave&#8221; bottom_divider_color=&#8221;#EABB3F&#8221; bottom_divider_height=&#8221;20px&#8221; bottom_divider_height_last_edited=&#8221;off|desktop&#8221; locked=&#8221;off&#8221; global_colors_info=&#8221;{}&#8221;][\/et_pb_section][et_pb_section fb_built=&#8221;1&#8243; _builder_version=&#8221;4.24.2&#8243; _module_preset=&#8221;default&#8221; global_colors_info=&#8221;{}&#8221;][et_pb_row _builder_version=&#8221;4.24.2&#8243; _module_preset=&#8221;default&#8221; global_colors_info=&#8221;{}&#8221;][et_pb_column type=&#8221;4_4&#8243; _builder_version=&#8221;4.24.2&#8243; _module_preset=&#8221;default&#8221; global_colors_info=&#8221;{}&#8221;][lwp_divi_breadcrumbs _builder_version=&#8221;4.24.2&#8243; _module_preset=&#8221;default&#8221; global_colors_info=&#8221;{}&#8221;][\/lwp_divi_breadcrumbs][\/et_pb_column][\/et_pb_row][\/et_pb_section][et_pb_section fb_built=&#8221;1&#8243; disabled_on=&#8221;off|off|off&#8221; _builder_version=&#8221;4.17.4&#8243; _module_preset=&#8221;default&#8221; custom_padding=&#8221;33px|||||&#8221; border_color_left=&#8221;#E7B223&#8243; global_colors_info=&#8221;{}&#8221;][et_pb_row _builder_version=&#8221;4.17.4&#8243; _module_preset=&#8221;default&#8221; background_color=&#8221;#f5f5f5&#8243; custom_margin=&#8221;||35px||false|false&#8221; custom_padding=&#8221;||0px||false|false&#8221; global_colors_info=&#8221;{}&#8221;][et_pb_column type=&#8221;4_4&#8243; _builder_version=&#8221;4.16&#8243; _module_preset=&#8221;default&#8221; global_colors_info=&#8221;{}&#8221;][et_pb_testimonial portrait_url=&#8221;https:\/\/colombiamyway.com\/wp-content\/uploads\/2024\/12\/Green-Modern-and-Minimalistic-Travel-Typography-Logo-2.png&#8221; quote_icon=&#8221;off&#8221; _builder_version=&#8221;4.27.4&#8243; _module_preset=&#8221;default&#8221; global_colors_info=&#8221;{}&#8221;]<\/p>\n<p>Hier finden Sie Antworten auf einige h\u00e4ufig gestellte Fragen \u00fcber Cartagena: Ist das Wetter sch\u00f6n? Ist Cartagena teuer? Wie sieht es mit der Sicherheit in Cartagena aus? Wie lange werde ich bleiben und was ist die beste Reisezeit? Wenn Ihre Frage nicht aufgef\u00fchrt ist, k\u00f6nnen Sie uns gerne kontaktieren!  <\/p>\n<p>[\/et_pb_testimonial][\/et_pb_column][\/et_pb_row][et_pb_row _builder_version=&#8221;4.17.4&#8243; _module_preset=&#8221;default&#8221; custom_padding=&#8221;||35px||false|false&#8221; global_colors_info=&#8221;{}&#8221;][et_pb_column type=&#8221;4_4&#8243; _builder_version=&#8221;4.17.4&#8243; _module_preset=&#8221;default&#8221; global_colors_info=&#8221;{}&#8221;][et_pb_text _builder_version=&#8221;4.21.0&#8243; _module_preset=&#8221;default&#8221; text_font=&#8221;Oxygen|600|||||||&#8221; header_2_font=&#8221;Oxygen||||on||||&#8221; header_2_text_align=&#8221;center&#8221; global_colors_info=&#8221;{}&#8221;]<\/p>\n<h2><strong>H\u00e4ufig gestellte Fragen Cartagena<\/strong><\/h2>\n<p>[\/et_pb_text][et_pb_accordion open_toggle_background_color=&#8221;rgba(214,214,214,0.26)&#8221; closed_toggle_text_color=&#8221;#FFFFFF&#8221; closed_toggle_background_color=&#8221;#0C71C3&#8243; _builder_version=&#8221;4.27.4&#8243; _module_preset=&#8221;default&#8221; toggle_font=&#8221;Oxygen|700||on|||||&#8221; body_font=&#8221;Oxygen||||||||&#8221; global_colors_info=&#8221;{}&#8221;][et_pb_accordion_item title=&#8221;Wie ist das Klima in Cartagena?&#8221; open=&#8221;on&#8221; _builder_version=&#8221;4.27.4&#8243; _module_preset=&#8221;default&#8221; global_colors_info=&#8221;{}&#8221;]<\/p>\n<p><span style=\"font-weight: 400;\">Cartagena hat ein tropisches Klima und es gibt  <\/span><span style=\"font-weight: 400;\">ist die hohe Luftfeuchtigkeit. In Cartagena ist es das ganze Jahr \u00fcber warm. Mai-September ist die w\u00e4rmste Zeit, die &#8220;k\u00e4ltesten&#8221; Monate sind Januar und Februar.    <\/span><\/p>\n<p><span style=\"font-weight: 400;\">Die durchschnittliche H\u00f6chsttemperatur liegt bei 32C maxi und die durchschnittliche Mindesttemperatur bei 25C.  <\/span><span style=\"font-weight: 400;\">Dezember bis April ist die Trockenzeit, der Oktober ist der feuchteste Monat<\/span><\/p>\n<p><span style=\"font-weight: 400;\">Wegen der tropischen Temperaturen ist es g\u00fcnstig, Ihre Aktivit\u00e4ten auf den Morgen oder den sp\u00e4ten Nachmittag zu legen, damit Sie sich in der hei\u00dfesten Zeit des Tages schonen k\u00f6nnen. Ein Zimmer mit Ai <\/span><span style=\"font-weight: 400;\">rconditioning ist absolut empfehlenswert!  <\/span><\/p>\n<p>&nbsp;<\/p>\n<p>[\/et_pb_accordion_item][et_pb_accordion_item title=&#8221;Was ist die beste Reisezeit?&#8221; _builder_version=&#8221;4.27.4&#8243; _module_preset=&#8221;default&#8221; global_colors_info=&#8221;{}&#8221; open=&#8221;off&#8221;]<\/p>\n<p><span style=\"font-weight: 400;\">Dezember, Januar und die Semana Santa (Osterwoche) sind die gesch\u00e4ftigsten und teuersten Zeiten in Cartagena. Viele Kolumbianer machen in diesen Zeitr\u00e4umen selbst Urlaub.   <\/span><span style=\"font-weight: 400;\">September-November sind ruhiger, auch weil es die Regenzeit ist. In dieser Zeit k\u00f6nnen Sie oft gute Angebote ergattern. <\/span><\/p>\n<p><span style=\"font-weight: 400;\">Cartagena kann das ganze Jahr \u00fcber besucht werden, aber es macht besonders viel Spa\u00df, wenn Sie Ihre Reise um eine der vielen <strong>Veranstaltungen<\/strong> herum planen, die Touristen aus Kolumbien und dem Ausland anziehen.<\/span><\/p>\n<p><b>Januar\/Februar<br \/><\/b><b><a href=\"https:\/\/www.hayfestival.com\/cartagena\/home\" target=\"_blank\" rel=\"noopener\">Heu-Festival, <\/a><\/b><span style=\"font-weight: 400;\">ein Literatur- und Kunstfestival mit internationalen G\u00e4sten<\/span><\/p>\n<p><b>Februar\/M\u00e4rz<br \/><\/b><span style=\"font-weight: 400;\"><a href=\"https:\/\/ficcifestival.com\/?idi=en\" target=\"_blank\" rel=\"noopener\"><strong>CIFF<\/strong><\/a>Internationales Filmfestival von Cartagena<\/span><\/p>\n<p><b>November<br \/><\/b><span style=\"font-weight: 400;\">Unabh\u00e4ngigkeitstag von Cartagena, am 11. November. Die Feierlichkeiten beginnen bereits im Oktober und dauern \u00fcber 3 Wochen. Es gibt viel Musik und Tanz und die H\u00f6hepunkte sind die Parade und der Sch\u00f6nheitswettbewerb.    <\/span><\/p>\n<p><b>Ende November\/Dezember<br \/><\/b><span style=\"font-weight: 400;\">Cartagena Restaurant Week, Mittag- und Abendessen zu Sonderpreisen in den teilnehmenden Restaurants.<\/span><\/p>\n<p><b>Februar\/M\u00e4rz Karneval in <a href=\"https:\/\/colombiamyway.com\/de\/reisefuehrer-barranquilla\/\" target=\"_blank\" rel=\"noopener\">Barranquilla<\/a><\/b><span style=\"font-weight: 400;\">: Da Barranquilla etwa 2 Autostunden von Cartagena entfernt ist, k\u00f6nnen Sie Ihren Aufenthalt in Cartagena mit dem Karneval in Barranquilla verbinden, dem gr\u00f6\u00dften Karneval der Welt nach Rio.<\/span><\/p>\n<p><span style=\"font-weight: 400;\"><b>Oktober in <a href=\"https:\/\/www.viator.com\/tours\/Cartagena\/Freedom-Tour-of-Palenque\/d4498-136321P1\" target=\"_blank\" rel=\"noopener\">San Basilio de Palenque<\/a><\/b>: Musikfestival de Tambores y Expresiones Culturales. F\u00fcr ein authentisches Erlebnis 55 km von Cartagena entfernt.   <\/span><\/p>\n<p>&nbsp;<\/p>\n<p>[\/et_pb_accordion_item][et_pb_accordion_item title=&#8221;Wie lange sollte ich bleiben?&#8221; _builder_version=&#8221;4.27.4&#8243; _module_preset=&#8221;default&#8221; global_colors_info=&#8221;{}&#8221; open=&#8221;off&#8221;]<\/p>\n<p><span style=\"font-weight: 400;\">In und um Cartagena gibt es eine Menge zu sehen. Wie lange Sie am besten bleiben, h\u00e4ngt davon ab, was Sie alles sehen wollen und in welchem Tempo Sie es tun wollen.   <\/span><\/p>\n<p><b>2 Tage:<br \/><\/b><span style=\"font-weight: 400;\">In 2 Tagen haben Sie genug Zeit, um die ber\u00fchmtesten Sehensw\u00fcrdigkeiten und eventuell Museen im historischen Zentrum zu besuchen. Die Wege im Zentrum sind kurz und es gibt viele Caf\u00e9s und Restaurants, die den Spaziergang angenehm machen. Wenn Sie eine <a href=\"https:\/\/www.viator.com\/tours\/Cartagena\/Private-Tour-to-the-City-of-Cartagena\/d4498-365774P1?pid=P00058130&amp;mcid=42383&amp;medium=link\" target=\"_blank\" rel=\"noopener\"><strong>Stadtrundfahrt<\/strong><\/a> mit einem Stadtf\u00fchrer machen, dann haben Sie gleich am ersten Tag eine sch\u00f6ne Einf\u00fchrung in die Stadt. Die Tipps, die Sie erhalten, k\u00f6nnen Sie dann f\u00fcr den Rest Ihres Aufenthalts nutzen, um die besten Orte zum Essen und Trinken zu finden. An Tag 2 k\u00f6nnen Sie das Castillo de San Felipe besichtigen, durch das angesagte Viertel Getsemani schlendern, im Club Havanna Salsa tanzen oder sich f\u00fcr einen Schokoladen- oder Kaffee-Workshop anmelden.      <\/span><\/p>\n<p><b>3 Tage:<br \/><\/b><span style=\"font-weight: 400;\">Mit einem zus\u00e4tzlichen Tag k\u00f6nnen Sie eine <a href=\"https:\/\/www.viator.com\/searchResults\/all?text=day+tour+cartagena+colombia&amp;pid=P00058130&amp;mcid=42383&amp;medium=link\" target=\"_blank\" rel=\"noopener\"><strong>Tagestour in Cartagena<\/strong><\/a> oder dar\u00fcber hinaus. <\/span> <\/p>\n<p><b>4 Tage oder l\u00e4nger<br \/><\/b><span style=\"font-weight: 400;\">Mit 1 oder 2 weiteren Tagen k\u00f6nnen Sie es ganz ruhig angehen lassen und die Stadt auf sich wirken lassen. Sie k\u00f6nnen auch ein Taxi nach Bocagrande nehmen (15 Minuten), um den Boulevard entlangzuschlendern und den Kontrast zwischen &#8220;Klein-Miami&#8221; und der romantischen Altstadt zu sehen. Sie k\u00f6nnen auch mit dem Bus nach <a href=\"https:\/\/colombiamyway.com\/de\/reisefuehrer-barranquilla\/\" target=\"_blank\" rel=\"noopener\"><strong>Barranquilla,<\/strong><\/a> der Stadt des Karnevals.    <\/span><\/p>\n<p>&nbsp;<\/p>\n<p>&nbsp;<\/p>\n<p>[\/et_pb_accordion_item][et_pb_accordion_item title=&#8221;Ist Cartagena sicher?&#8221; _builder_version=&#8221;4.27.4&#8243; _module_preset=&#8221;default&#8221; global_colors_info=&#8221;{}&#8221; open=&#8221;off&#8221;]<\/p>\n<p>Wir waren schon mehrere Male in Cartagena und haben uns nie unsicher gef\u00fchlt. Wie in allen touristischen Zielen gibt es auch in Cartagena eine Polizeipr\u00e4senz, um die Sicherheit der Touristen zu gew\u00e4hrleisten. Sie brauchen also keine Angst zu haben, wenn Sie durch die Stra\u00dfen der Innenstadt von Cartagena gehen. Trotzdem sollten Sie nicht mit Ihrem Telefon und anderen Wertgegenst\u00e4nden herumlaufen und logisch denken. In Cartagena sind Taschendiebe aktiv, also passen Sie auf Ihre Tasche auf.    <\/p>\n<p><strong>Gehen Sie nicht in die Vororte<br \/><\/strong>In den Vororten gibt es viel Armut und es ist nicht sicher f\u00fcr Touristen. Vermeiden Sie nach Sonnenuntergang die Stadtteile au\u00dferhalb der Touristengebiete. <br \/><strong><\/strong><strong>Lassen Sie sich von Einheimischen beraten<br \/><\/strong>Wenn Sie nachts ausgehen m\u00f6chten, fragen Sie Ihr Hotel, ob es sicher ist, zu Fu\u00df zu gehen. Andernfalls lassen Sie sich ein Taxi rufen oder bestellen Sie selbst eins \u00fcber die App. <br \/><strong>Gehen Sie hinein, um Geld abzuheben<br \/><\/strong>Nutzen Sie Geldautomaten in Einkaufszentren und Superm\u00e4rkten, an denen Sie sicher Geld abheben k\u00f6nnen.<br \/><strong>Machen Sie sich auf Stra\u00dfenverk\u00e4ufer gefasst<br \/><\/strong>In El Centro, in der N\u00e4he der Touristenattraktionen und an den Str\u00e4nden gibt es viele Stra\u00dfenverk\u00e4ufer. Wenn Sie keine Lust auf einen weiteren Verk\u00e4ufer haben, der seine Waren anbietet, gen\u00fcgt ein &#8220;No gracias&#8221; und Sie gehen einfach weiter. Das reicht in der Regel aus, damit die Stra\u00dfenverk\u00e4ufer Sie nicht bel\u00e4stigen.  <br \/><strong>Was Sie bei einem Tag am Strand beachten sollten<\/strong><br \/>An den Str\u00e4nden, wie dem Playa Blanca und dem Bocagrande Strand, k\u00f6nnen die Verk\u00e4ufer sehr hartn\u00e4ckig sein. Passen Sie gut auf Ihre Sachen auf, denn manchmal geben die Verk\u00e4ufer Dieben einen Tipp. Wenn Sie in einer Strandbude etwas essen, \u00fcberpr\u00fcfen Sie die Rechnung, damit Sie nicht abgezockt werden k\u00f6nnen.  <\/p>\n<p>Allgemeine Informationen zum sicheren Reisen in Kolumbien finden Sie unter <strong><a href=\"https:\/\/colombiamyway.com\/de\/sicherheit-und-reisehinweise-2\/\" target=\"_blank\" rel=\"noopener\">diesen Link<\/a><\/strong>.<\/p>\n<p>[\/et_pb_accordion_item][et_pb_accordion_item title=&#8221;Ist Cartagena teuer?&#8221; _builder_version=&#8221;4.27.4&#8243; _module_preset=&#8221;default&#8221; global_colors_info=&#8221;{}&#8221; open=&#8221;off&#8221;]<\/p>\n<p><span style=\"font-weight: 400;\">Hier finden Sie eine ausf\u00fchrliche Beschreibung der Preise in Cartagena, von Transportpreisen \u00fcber Eink\u00e4ufe in Superm\u00e4rkten bis hin zum Essengehen in einfachen und luxuri\u00f6sen Restaurants.<\/span><\/p>\n<p><span style=\"font-weight: 400;\"><strong>Hotels und Hostels<\/strong><br \/>Cartagena ist sehr touristisch, daher werden Sie f\u00fcr Ihre \u00dcbernachtung wahrscheinlich mehr ausgeben als f\u00fcr ein Hotel in einer weniger touristischen Stadt in Kolumbien, wie Cali und Barranquilla, aber vergleichbar mit St\u00e4dten wie Medell\u00edn und Bogot\u00e1. <\/span><span style=\"font-weight: 400;\">Lesen Sie mehr \u00fcber <a href=\"https:\/\/colombiamyway.com\/de\/wo-kann-man-in-cartagena-uebernachten\/\" target=\"_blank\" rel=\"noopener\"><strong>unsere Tipps f\u00fcr Hotels und Hostels f\u00fcr jedes Budget<\/strong><\/a>. <\/span> <\/p>\n<p><span style=\"font-weight: 400;\"><strong>Transport<br \/><\/strong><\/span><span style=\"font-weight: 400;\">Cartagena l\u00e4sst sich hervorragend zu Fu\u00df erkunden, so dass Sie die Kosten f\u00fcr Transportmittel niedrig halten k\u00f6nnen. Wenn Sie ein Taxi bestellen m\u00f6chten, werden Sie f\u00fcr eine kurze Fahrt in Centro, San Diego und Getsemani etwa COP10\/800 \/ $2,75 ausgeben. In der Nacht sind die Preise h\u00f6her.    <\/span><\/p>\n<p><span style=\"font-weight: 400;\"><strong>Touren und Aktivit\u00e4ten<\/strong><br \/>Von kostenlosen Touren, bei denen Sie nur dem F\u00fchrer Trinkgeld geben, bis hin zu privaten F\u00fchrungen gibt es Touren und Aktivit\u00e4ten f\u00fcr jedes Budget. Schauen Sie <a href=\"https:\/\/colombiamyway.com\/de\/was-kann-man-in-cartagena-unternehmen\/\" target=\"_blank\" rel=\"noopener\"><strong>hier<\/strong><\/a> finden Sie unsere Tipps f\u00fcr kostenlose Freizeitaktivit\u00e4ten und die besten F\u00fchrungen.   <\/span><\/p>\n<p><span style=\"font-weight: 400;\"><strong>Essen und Trinken<\/strong><br \/>Sie k\u00f6nnen die Reise so teuer machen, wie Sie wollen. Wenn Sie durch die Stadt spazieren, das Mittagsmen\u00fc (comida corriente) bestellen, abends eine Empanada kaufen und Ihr Bier aus dem Supermarkt holen, k\u00f6nnen Sie Ihre Ausgaben ziemlich niedrig halten. Wenn Sie eine oder mehrere Touren machen wollen, abends in einem luxuri\u00f6seren Restaurant essen gehen und dazu eine Flasche Wein trinken, dann k\u00f6nnen sich die Kosten schnell summieren.    <\/span><\/p>\n<p><b>Indikative Preise<\/b><strong> (2025)<\/strong><\/p>\n<p><b>Supermarkt<br \/><\/b><span style=\"font-weight: 400;\">Flasche Cola 2-Liter COP 7.000<br \/><\/span><span style=\"font-weight: 400;\">Flasche Wasser 1,5 Liter COP 3.500<br \/><\/span><span style=\"font-weight: 400;\">Pint Bier (kolumbianisch) COP 4,200<br \/><\/span><span style=\"font-weight: 400;\">Pint Bier (Import) COP 6,000<br \/><\/span><span style=\"font-weight: 400;\">Flasche Wein der mittleren Preisklasse COP 60.000-65.000<\/span><\/p>\n<p><b>Ausw\u00e4rts essen\/trinken<br \/><\/b><span style=\"font-weight: 400;\">Fr\u00fchst\u00fcck COP 12.000 bis COP 25.000<br \/><\/span><span style=\"font-weight: 400;\">Mittagessen am Tag (comida corriente) ca. COP 22.000<br \/><\/span><span style=\"font-weight: 400;\">3-G\u00e4nge-Abendessen in einem einfachen Restaurant um COP 22.000<br \/><\/span><span style=\"font-weight: 400;\">3-G\u00e4nge-Men\u00fc mit Wein in einem Luxusrestaurant um COP 180.000<br \/><\/span><span style=\"font-weight: 400;\">Cappuccino auf der Terrasse COP 7.000<br \/><\/span><span style=\"font-weight: 400;\">Eiscreme in der Gelateria COP 6.000<br \/><\/span><span style=\"font-weight: 400;\">Empanada auf der Stra\u00dfe COP 2.000-3.000<br \/><\/span><span style=\"font-weight: 400;\">Bier (kolumbianisch) in der Bar COP 7.000<br \/><\/span><span style=\"font-weight: 400;\">Eine Flasche Cola 33cl COP 3.000<\/span><\/p>\n<p>[\/et_pb_accordion_item][\/et_pb_accordion][\/et_pb_column][\/et_pb_row][et_pb_row _builder_version=&#8221;4.17.4&#8243; _module_preset=&#8221;default&#8221; global_colors_info=&#8221;{}&#8221;][et_pb_column type=&#8221;4_4&#8243; _builder_version=&#8221;4.17.4&#8243; _module_preset=&#8221;default&#8221; global_colors_info=&#8221;{}&#8221;][et_pb_text _builder_version=&#8221;4.17.4&#8243; _module_preset=&#8221;default&#8221; text_font=&#8221;Oxygen|700|||||||&#8221; text_orientation=&#8221;center&#8221; global_colors_info=&#8221;{}&#8221;]<\/p>\n<p>Haben Sie weitere Fragen? Schicken Sie uns Ihre Frage hier   <\/p>\n<p>[\/et_pb_text][et_pb_contact_form email=&#8221;divisitescuracao@gmail.com&#8221; success_message=&#8221;Sie werden so schnell wie m\u00f6glich eine Antwort erhalten&#8221; submit_button_text=&#8221;Nachricht senden&#8221; _builder_version=&#8221;4.17.4&#8243; _module_preset=&#8221;default&#8221; _unique_id=&#8221;eab0e6de-84ad-4cd8-85f2-3c717e49177b&#8221; global_colors_info=&#8221;{}&#8221;][et_pb_contact_field field_id=&#8221;Name&#8221; field_title=&#8221;Nombre&#8221; min_length=&#8221;3&#8243; max_length=&#8221;15&#8243; allowed_symbols=&#8221;letters&#8221; _builder_version=&#8221;4.17.4&#8243; _module_preset=&#8221;default&#8221; global_colors_info=&#8221;{}&#8221; button_text_size__hover_enabled=&#8221;off&#8221; button_one_text_size__hover_enabled=&#8221;off&#8221; button_two_text_size__hover_enabled=&#8221;off&#8221; button_text_color__hover_enabled=&#8221;off&#8221; button_one_text_color__hover_enabled=&#8221;off&#8221; button_two_text_color__hover_enabled=&#8221;off&#8221; button_border_width__hover_enabled=&#8221;off&#8221; button_one_border_width__hover_enabled=&#8221;off&#8221; button_two_border_width__hover_enabled=&#8221;off&#8221; button_border_color__hover_enabled=&#8221;off&#8221; button_one_border_color__hover_enabled=&#8221;off&#8221; button_two_border_color__hover_enabled=&#8221;off&#8221; button_border_radius__hover_enabled=&#8221;off&#8221; button_one_border_radius__hover_enabled=&#8221;off&#8221; button_two_border_radius__hover_enabled=&#8221;off&#8221; button_letter_spacing__hover_enabled=&#8221;off&#8221; button_one_letter_spacing__hover_enabled=&#8221;off&#8221; button_two_letter_spacing__hover_enabled=&#8221;off&#8221; button_bg_color__hover_enabled=&#8221;off&#8221; button_one_bg_color__hover_enabled=&#8221;off&#8221; button_two_bg_color__hover_enabled=&#8221;off&#8221;][\/et_pb_contact_field][et_pb_contact_field field_id=&#8221;Email&#8221; field_title=&#8221;E-Mail&#8221; field_type=&#8221;email&#8221; _builder_version=&#8221;4.17.4&#8243; _module_preset=&#8221;default&#8221; global_colors_info=&#8221;{}&#8221; button_text_size__hover_enabled=&#8221;off&#8221; button_one_text_size__hover_enabled=&#8221;off&#8221; button_two_text_size__hover_enabled=&#8221;off&#8221; button_text_color__hover_enabled=&#8221;off&#8221; button_one_text_color__hover_enabled=&#8221;off&#8221; button_two_text_color__hover_enabled=&#8221;off&#8221; button_border_width__hover_enabled=&#8221;off&#8221; button_one_border_width__hover_enabled=&#8221;off&#8221; button_two_border_width__hover_enabled=&#8221;off&#8221; button_border_color__hover_enabled=&#8221;off&#8221; button_one_border_color__hover_enabled=&#8221;off&#8221; button_two_border_color__hover_enabled=&#8221;off&#8221; button_border_radius__hover_enabled=&#8221;off&#8221; button_one_border_radius__hover_enabled=&#8221;off&#8221; button_two_border_radius__hover_enabled=&#8221;off&#8221; button_letter_spacing__hover_enabled=&#8221;off&#8221; button_one_letter_spacing__hover_enabled=&#8221;off&#8221; button_two_letter_spacing__hover_enabled=&#8221;off&#8221; button_bg_color__hover_enabled=&#8221;off&#8221; button_one_bg_color__hover_enabled=&#8221;off&#8221; button_two_bg_color__hover_enabled=&#8221;off&#8221;][\/et_pb_contact_field][et_pb_contact_field field_id=&#8221;Message&#8221; field_title=&#8221;Pregunta \/ Mensaje&#8221; field_type=&#8221;text&#8221; fullwidth_field=&#8221;on&#8221; _builder_version=&#8221;4.17.4&#8243; _module_preset=&#8221;default&#8221; global_colors_info=&#8221;{}&#8221; button_text_size__hover_enabled=&#8221;off&#8221; button_one_text_size__hover_enabled=&#8221;off&#8221; button_two_text_size__hover_enabled=&#8221;off&#8221; button_text_color__hover_enabled=&#8221;off&#8221; button_one_text_color__hover_enabled=&#8221;off&#8221; button_two_text_color__hover_enabled=&#8221;off&#8221; button_border_width__hover_enabled=&#8221;off&#8221; button_one_border_width__hover_enabled=&#8221;off&#8221; button_two_border_width__hover_enabled=&#8221;off&#8221; button_border_color__hover_enabled=&#8221;off&#8221; button_one_border_color__hover_enabled=&#8221;off&#8221; button_two_border_color__hover_enabled=&#8221;off&#8221; button_border_radius__hover_enabled=&#8221;off&#8221; button_one_border_radius__hover_enabled=&#8221;off&#8221; button_two_border_radius__hover_enabled=&#8221;off&#8221; button_letter_spacing__hover_enabled=&#8221;off&#8221; button_one_letter_spacing__hover_enabled=&#8221;off&#8221; button_two_letter_spacing__hover_enabled=&#8221;off&#8221; button_bg_color__hover_enabled=&#8221;off&#8221; button_one_bg_color__hover_enabled=&#8221;off&#8221; button_two_bg_color__hover_enabled=&#8221;off&#8221;][\/et_pb_contact_field][\/et_pb_contact_form][\/et_pb_column][\/et_pb_row][\/et_pb_section][et_pb_section fb_built=&#8221;1&#8243; admin_label=&#8221;Footer&#8221; _builder_version=&#8221;4.16&#8243; background_color=&#8221;#21468B&#8221; custom_margin=&#8221;||0px||false|false&#8221; custom_padding=&#8221;||45px||false|false&#8221; locked=&#8221;off&#8221; global_colors_info=&#8221;{}&#8221;][et_pb_row column_structure=&#8221;1_4,1_4,1_4,1_4&#8243; _builder_version=&#8221;4.16&#8243; custom_padding=&#8221;35px||0px|||&#8221; global_colors_info=&#8221;{}&#8221;][et_pb_column type=&#8221;1_4&#8243; _builder_version=&#8221;4.16&#8243; global_colors_info=&#8221;{}&#8221;][et_pb_text _builder_version=&#8221;4.17.0&#8243; text_font=&#8221;Montserrat||||||||&#8221; link_text_color=&#8221;#FFFFFF&#8221; ul_line_height=&#8221;2em&#8221; header_3_font=&#8221;Montserrat|700|||||||&#8221; header_3_text_color=&#8221;#ffbd69&#8243; header_3_font_size=&#8221;20px&#8221; header_3_line_height=&#8221;1.8em&#8221; background_layout=&#8221;dark&#8221; custom_padding=&#8221;35px|||||&#8221; global_colors_info=&#8221;{}&#8221;]<\/p>\n<h3>QUICKLINKS<\/h3>\n<ul>\n<li><a href=\"https:\/\/naarcolombia.com\/reisverhalen\/\" target=\"_blank\" rel=\"noopener\">Reisegeschichten<\/a><\/li>\n<li><a href=\"https:\/\/naarcolombia.com\/top-5\/\" target=\"_blank\" rel=\"noopener\">Top 5 Kolumbien<\/a><\/li>\n<li><a href=\"https:\/\/naarcolombia.com\/privacy-policy\/\" target=\"_blank\" rel=\"noopener noreferrer\">Datenschutzbestimmungen<\/a><\/li>\n<li><a href=\"https:\/\/naarcolombia.com\/disclaimer\/\" target=\"_blank\" rel=\"noopener\">Haftungsausschluss (Affiliate Links)<\/a><\/li>\n<\/ul>\n<p>[\/et_pb_text][\/et_pb_column][et_pb_column type=&#8221;1_4&#8243; _builder_version=&#8221;4.16&#8243; global_colors_info=&#8221;{}&#8221;][et_pb_text _builder_version=&#8221;4.16&#8243; text_font=&#8221;Montserrat||||||||&#8221; link_text_color=&#8221;#FFFFFF&#8221; ul_line_height=&#8221;2em&#8221; header_3_font=&#8221;Montserrat|700|||||||&#8221; header_3_text_color=&#8221;#ffbd69&#8243; header_3_font_size=&#8221;20px&#8221; header_3_line_height=&#8221;1.8em&#8221; background_layout=&#8221;dark&#8221; custom_padding=&#8221;35px|||||&#8221; locked=&#8221;off&#8221; global_colors_info=&#8221;{}&#8221;]<\/p>\n<h3>BELIEBTE REISEZIELE<\/h3>\n<ul>\n<li><a href=\"https:\/\/naarcolombia.com\/home\/caraibischekust\/cartagena\/\" target=\"_blank\" rel=\"noopener noreferrer\">Cartagena<\/a><a href=\"#\"><\/a><a href=\"#\"><\/a><\/li>\n<li><a href=\"https:\/\/naarcolombia.com\/home\/medellin-en-omgeving\/\" target=\"_blank\" rel=\"noopener\">Medell\u00edn<\/a><\/li>\n<li><a href=\"https:\/\/naarcolombia.com\/home\/bogota-en-noord-bogota\/\" target=\"_blank\" rel=\"noopener\">Bogot\u00e1<\/a><a href=\"#\"><\/a><\/li>\n<\/ul>\n<p>[\/et_pb_text][\/et_pb_column][et_pb_column type=&#8221;1_4&#8243; _builder_version=&#8221;4.16&#8243; global_colors_info=&#8221;{}&#8221;][et_pb_text _builder_version=&#8221;4.16&#8243; text_font=&#8221;Montserrat||||||||&#8221; link_text_color=&#8221;#FFFFFF&#8221; ul_line_height=&#8221;2em&#8221; header_3_font=&#8221;Montserrat|700|||||||&#8221; header_3_text_color=&#8221;#ffbd69&#8243; header_3_font_size=&#8221;20px&#8221; header_3_line_height=&#8221;1.8em&#8221; background_layout=&#8221;dark&#8221; custom_padding=&#8221;35px|||||&#8221; locked=&#8221;off&#8221; global_colors_info=&#8221;{}&#8221;]<\/p>\n<h3>TIPPS<\/h3>\n<ul>\n<li>Sicherheit<a href=\"#\"><\/a><\/li>\n<li>Geldangelegenheiten<\/li>\n<li>Konsulate<a href=\"#\"><\/a><\/li>\n<\/ul>\n<p>[\/et_pb_text][\/et_pb_column][et_pb_column type=&#8221;1_4&#8243; _builder_version=&#8221;4.16&#8243; global_colors_info=&#8221;{}&#8221;][et_pb_text _builder_version=&#8221;4.16&#8243; text_font=&#8221;Montserrat||||||||&#8221; text_line_height=&#8221;1.8em&#8221; header_3_font=&#8221;Montserrat|700|||||||&#8221; header_3_text_color=&#8221;#ffbd69&#8243; header_3_font_size=&#8221;20px&#8221; header_3_line_height=&#8221;1.8em&#8221; background_layout=&#8221;dark&#8221; custom_padding=&#8221;35px|||||&#8221; link_option_url=&#8221;https:\/\/naarcolombia.com\/over-ons\/&#8221; link_option_url_new_window=&#8221;on&#8221; locked=&#8221;off&#8221; global_colors_info=&#8221;{}&#8221;]<\/p>\n<h3><a href=\"https:\/\/naarcolombia.com\/over-ons\/\" target=\"_blank\" rel=\"noopener\">\u00dcBER<\/a><\/h3>\n<p><span>&#8220;Wohin du auch gehst, geh mit deinem ganzen Herzen&#8221; &#8211; Konfuzius &#8211; Kolumbien ist unsere Leidenschaft und unser niederl\u00e4ndisch-kolumbianisches Team m\u00f6chte diese Leidenschaft mit Ihnen teilen.<\/span><\/p>\n<p>[\/et_pb_text][\/et_pb_column][\/et_pb_row][et_pb_row _builder_version=&#8221;4.16&#8243; custom_padding=&#8221;41px|||||&#8221; global_colors_info=&#8221;{}&#8221;][et_pb_column type=&#8221;4_4&#8243; _builder_version=&#8221;4.16&#8243; background_enable_color=&#8221;off&#8221; global_colors_info=&#8221;{}&#8221;][et_pb_text _builder_version=&#8221;4.16&#8243; header_3_font=&#8221;Montserrat|700|||||||&#8221; header_3_text_align=&#8221;center&#8221; header_3_text_color=&#8221;#ffbd69&#8243; header_3_font_size=&#8221;20px&#8221; header_3_line_height=&#8221;1.4em&#8221; background_layout=&#8221;dark&#8221; custom_margin=&#8221;||20px||false|false&#8221; locked=&#8221;off&#8221; global_colors_info=&#8221;{}&#8221;]<\/p>\n<h3>Folgen Sie uns<\/h3>\n<p>[\/et_pb_text][et_pb_social_media_follow _builder_version=&#8221;4.16&#8243; text_orientation=&#8221;center&#8221; border_radii=&#8221;on|50px|50px|50px|50px&#8221; border_width_all=&#8221;10px&#8221; border_color_all=&#8221;rgba(0,0,0,0)&#8221; global_colors_info=&#8221;{}&#8221;][et_pb_social_media_follow_network social_network=&#8221;facebook&#8221; url=&#8221;https:\/\/www.facebook.com\/NaarColombia\/&#8221; _builder_version=&#8221;4.16&#8243; background_color=&#8221;#3b5998&#8243; global_colors_info=&#8221;{}&#8221; follow_button=&#8221;off&#8221; url_new_window=&#8221;on&#8221;]facebook[\/et_pb_social_media_follow_network][et_pb_social_media_follow_network social_network=&#8221;instagram&#8221; url=&#8221;https:\/\/www.instagram.com\/naarcolombia\/&#8221; _builder_version=&#8221;4.16&#8243; background_color=&#8221;#ea2c59&#8243; global_colors_info=&#8221;{}&#8221; follow_button=&#8221;off&#8221; url_new_window=&#8221;on&#8221;]instagram[\/et_pb_social_media_follow_network][et_pb_social_media_follow_network social_network=&#8221;twitter&#8221; url=&#8221;https:\/\/twitter.com\/ColombiaNaar&#8221; _builder_version=&#8221;4.22.2&#8243; background_color=&#8221;#000000&#8243; global_colors_info=&#8221;{}&#8221; follow_button=&#8221;off&#8221; url_new_window=&#8221;on&#8221;]twitter[\/et_pb_social_media_follow_network][\/et_pb_social_media_follow][\/et_pb_column][\/et_pb_row][et_pb_row _builder_version=&#8221;4.16&#8243; custom_margin=&#8221;17px|auto|19px|auto||&#8221; custom_padding=&#8221;12px||12px|||&#8221; global_colors_info=&#8221;{}&#8221;][et_pb_column type=&#8221;4_4&#8243; _builder_version=&#8221;4.16&#8243; global_colors_info=&#8221;{}&#8221;][et_pb_text _builder_version=&#8221;4.16&#8243; text_font=&#8221;|600|||||||&#8221; text_text_color=&#8221;#fcbf49&#8243; custom_margin=&#8221;11px||3px|||&#8221; custom_padding=&#8221;15px||12px|||&#8221; global_colors_info=&#8221;{}&#8221;]<\/p>\n<p style=\"text-align: center;\"><span style=\"color: #ffffff;\">Copyright \u00a9 2019 &#8211; 2022 NAARCOLOMBIA.COM. Alle Rechte vorbehalten.   <\/span><\/p>\n<p>[\/et_pb_text][\/et_pb_column][\/et_pb_row][\/et_pb_section]<\/p>\n","protected":false},"excerpt":{"rendered":"<p><div class=\"et_pb_module lwp_divi_breadcrumbs lwp_divi_breadcrumbs_0\">\n\t\t\t\t\n\t\t\t\t\n\t\t\t\t\n\t\t\t\t\n\t\t\t\t\n\t\t\t\t\n\t\t\t\t<div class=\"et_pb_module_inner\">\n\t\t\t\t\t<div class=\"lwp-breadcrumbs\"> <span class=\"before\"><\/span> <span vocab=\"https:\/\/schema.org\/\" typeof=\"BreadcrumbList\"><span property=\"itemListElement\" typeof=\"ListItem\"><a property=\"item\" typeof=\"WebPage\" href=\"https:\/\/colombiamyway.com\/de\/\" class=\"home\"><span property=\"name\">Home<\/span><\/a><meta property=\"position\" content=\"1\"><\/span> <span class=\"separator et-pb-icon\">&#x39;<\/span> <\/span><\/div>\n\t\t\t\t<\/div>\n\t\t\t<\/div>Hier finden Sie Antworten auf einige h\u00e4ufig gestellte Fragen \u00fcber Cartagena: Ist das Wetter sch\u00f6n? Ist Cartagena teuer? Wie sieht es mit der Sicherheit in Cartagena aus? Wie lange werde ich bleiben und was ist die beste Reisezeit? Wenn Ihre Frage nicht aufgef\u00fchrt ist, k\u00f6nnen Sie uns gerne kontaktieren! H\u00e4ufig gestellte Fragen [&hellip;]<\/p>\n","protected":false},"author":1,"featured_media":258536,"comment_status":"closed","ping_status":"closed","sticky":false,"template":"","format":"standard","meta":{"nf_dc_page":"","_et_pb_use_builder":"on","_et_pb_old_content":"","_et_gb_content_width":"","footnotes":""},"categories":[260],"tags":[],"class_list":["post-262601","post","type-post","status-publish","format-standard","has-post-thumbnail","hentry","category-cartagena-reisefuhrer"],"yoast_head":"<!-- This site is optimized with the Yoast SEO plugin v27.3 - https:\/\/yoast.com\/product\/yoast-seo-wordpress\/ -->\n<title>H\u00e4ufig gestellte Fragen Cartagena - Colombia My Way<\/title>\n<meta name=\"description\" content=\"Hier finden Sie Antworten auf die am h\u00e4ufigsten gestellten Fragen \u00fcber Cartagena. Ist Cartagena sicher. Wie ist das Klima. Ist Cartagena teuer und mehr.\" \/>\n<meta name=\"robots\" content=\"index, follow, max-snippet:-1, max-image-preview:large, max-video-preview:-1\" \/>\n<link rel=\"canonical\" href=\"https:\/\/colombiamyway.com\/de\/haeufig-gestellte-fragen-cartagena\/\" \/>\n<meta property=\"og:locale\" content=\"de_DE\" \/>\n<meta property=\"og:type\" content=\"article\" \/>\n<meta property=\"og:title\" content=\"H\u00e4ufig gestellte Fragen Cartagena - Colombia My Way\" \/>\n<meta property=\"og:description\" content=\"Hier finden Sie Antworten auf die am h\u00e4ufigsten gestellten Fragen \u00fcber Cartagena. Ist Cartagena sicher. Wie ist das Klima. Ist Cartagena teuer und mehr.\" \/>\n<meta property=\"og:url\" content=\"https:\/\/colombiamyway.com\/de\/haeufig-gestellte-fragen-cartagena\/\" \/>\n<meta property=\"og:site_name\" content=\"Colombia My Way\" \/>\n<meta property=\"article:publisher\" content=\"https:\/\/www.facebook.com\/profile.php?id=61571407164514\" \/>\n<meta property=\"article:published_time\" content=\"2023-07-21T01:01:20+00:00\" \/>\n<meta property=\"article:modified_time\" content=\"2025-09-06T18:15:30+00:00\" \/>\n<meta property=\"og:image\" content=\"https:\/\/colombiamyway.com\/wp-content\/uploads\/2023\/07\/scrabble-gba86e7540_1920.jpg\" \/>\n\t<meta property=\"og:image:width\" content=\"1920\" \/>\n\t<meta property=\"og:image:height\" content=\"1280\" \/>\n\t<meta property=\"og:image:type\" content=\"image\/jpeg\" \/>\n<meta name=\"author\" content=\"J\" \/>\n<meta name=\"twitter:card\" content=\"summary_large_image\" \/>\n<meta name=\"twitter:label1\" content=\"Verfasst von\" \/>\n\t<meta name=\"twitter:data1\" content=\"J\" \/>\n\t<meta name=\"twitter:label2\" content=\"Gesch\u00e4tzte Lesezeit\" \/>\n\t<meta name=\"twitter:data2\" content=\"15\u00a0Minuten\" \/>\n<script type=\"application\/ld+json\" class=\"yoast-schema-graph\">{\"@context\":\"https:\\\/\\\/schema.org\",\"@graph\":[{\"@type\":\"Article\",\"@id\":\"https:\\\/\\\/colombiamyway.com\\\/de\\\/haeufig-gestellte-fragen-cartagena\\\/#article\",\"isPartOf\":{\"@id\":\"https:\\\/\\\/colombiamyway.com\\\/de\\\/haeufig-gestellte-fragen-cartagena\\\/\"},\"author\":{\"name\":\"J\",\"@id\":\"https:\\\/\\\/colombiamyway.com\\\/de\\\/#\\\/schema\\\/person\\\/011d515d7815ef4a06a1d4f782f06711\"},\"headline\":\"H\u00e4ufig gestellte Fragen Cartagena\",\"datePublished\":\"2023-07-21T01:01:20+00:00\",\"dateModified\":\"2025-09-06T18:15:30+00:00\",\"mainEntityOfPage\":{\"@id\":\"https:\\\/\\\/colombiamyway.com\\\/de\\\/haeufig-gestellte-fragen-cartagena\\\/\"},\"wordCount\":2927,\"publisher\":{\"@id\":\"https:\\\/\\\/colombiamyway.com\\\/de\\\/#organization\"},\"image\":{\"@id\":\"https:\\\/\\\/colombiamyway.com\\\/de\\\/haeufig-gestellte-fragen-cartagena\\\/#primaryimage\"},\"thumbnailUrl\":\"https:\\\/\\\/colombiamyway.com\\\/wp-content\\\/uploads\\\/2023\\\/07\\\/scrabble-gba86e7540_1920.jpg\",\"articleSection\":[\"Cartagena Reisef\u00fchrer\"],\"inLanguage\":\"de\"},{\"@type\":\"WebPage\",\"@id\":\"https:\\\/\\\/colombiamyway.com\\\/de\\\/haeufig-gestellte-fragen-cartagena\\\/\",\"url\":\"https:\\\/\\\/colombiamyway.com\\\/de\\\/haeufig-gestellte-fragen-cartagena\\\/\",\"name\":\"H\u00e4ufig gestellte Fragen Cartagena - Colombia My Way\",\"isPartOf\":{\"@id\":\"https:\\\/\\\/colombiamyway.com\\\/de\\\/#website\"},\"primaryImageOfPage\":{\"@id\":\"https:\\\/\\\/colombiamyway.com\\\/de\\\/haeufig-gestellte-fragen-cartagena\\\/#primaryimage\"},\"image\":{\"@id\":\"https:\\\/\\\/colombiamyway.com\\\/de\\\/haeufig-gestellte-fragen-cartagena\\\/#primaryimage\"},\"thumbnailUrl\":\"https:\\\/\\\/colombiamyway.com\\\/wp-content\\\/uploads\\\/2023\\\/07\\\/scrabble-gba86e7540_1920.jpg\",\"datePublished\":\"2023-07-21T01:01:20+00:00\",\"dateModified\":\"2025-09-06T18:15:30+00:00\",\"description\":\"Hier finden Sie Antworten auf die am h\u00e4ufigsten gestellten Fragen \u00fcber Cartagena. Ist Cartagena sicher. Wie ist das Klima. Ist Cartagena teuer und mehr.\",\"breadcrumb\":{\"@id\":\"https:\\\/\\\/colombiamyway.com\\\/de\\\/haeufig-gestellte-fragen-cartagena\\\/#breadcrumb\"},\"inLanguage\":\"de\",\"potentialAction\":[{\"@type\":\"ReadAction\",\"target\":[\"https:\\\/\\\/colombiamyway.com\\\/de\\\/haeufig-gestellte-fragen-cartagena\\\/\"]}]},{\"@type\":\"ImageObject\",\"inLanguage\":\"de\",\"@id\":\"https:\\\/\\\/colombiamyway.com\\\/de\\\/haeufig-gestellte-fragen-cartagena\\\/#primaryimage\",\"url\":\"https:\\\/\\\/colombiamyway.com\\\/wp-content\\\/uploads\\\/2023\\\/07\\\/scrabble-gba86e7540_1920.jpg\",\"contentUrl\":\"https:\\\/\\\/colombiamyway.com\\\/wp-content\\\/uploads\\\/2023\\\/07\\\/scrabble-gba86e7540_1920.jpg\",\"width\":1920,\"height\":1280},{\"@type\":\"BreadcrumbList\",\"@id\":\"https:\\\/\\\/colombiamyway.com\\\/de\\\/haeufig-gestellte-fragen-cartagena\\\/#breadcrumb\",\"itemListElement\":[{\"@type\":\"ListItem\",\"position\":1,\"name\":\"Home\",\"item\":\"https:\\\/\\\/colombiamyway.com\\\/de\\\/startseite\\\/\"},{\"@type\":\"ListItem\",\"position\":2,\"name\":\"H\u00e4ufig gestellte Fragen Cartagena\"}]},{\"@type\":\"WebSite\",\"@id\":\"https:\\\/\\\/colombiamyway.com\\\/de\\\/#website\",\"url\":\"https:\\\/\\\/colombiamyway.com\\\/de\\\/\",\"name\":\"Colombia My Way\",\"description\":\"The Guide for the Independent Traveler\",\"publisher\":{\"@id\":\"https:\\\/\\\/colombiamyway.com\\\/de\\\/#organization\"},\"potentialAction\":[{\"@type\":\"SearchAction\",\"target\":{\"@type\":\"EntryPoint\",\"urlTemplate\":\"https:\\\/\\\/colombiamyway.com\\\/de\\\/?s={search_term_string}\"},\"query-input\":{\"@type\":\"PropertyValueSpecification\",\"valueRequired\":true,\"valueName\":\"search_term_string\"}}],\"inLanguage\":\"de\"},{\"@type\":\"Organization\",\"@id\":\"https:\\\/\\\/colombiamyway.com\\\/de\\\/#organization\",\"name\":\"Colombia My Way\",\"url\":\"https:\\\/\\\/colombiamyway.com\\\/de\\\/\",\"logo\":{\"@type\":\"ImageObject\",\"inLanguage\":\"de\",\"@id\":\"https:\\\/\\\/colombiamyway.com\\\/de\\\/#\\\/schema\\\/logo\\\/image\\\/\",\"url\":\"https:\\\/\\\/i0.wp.com\\\/colombiamyway.com\\\/wp-content\\\/uploads\\\/2024\\\/12\\\/Green-Modern-and-Minimalistic-Travel-Typography-Logo-2.png?fit=500%2C500&ssl=1\",\"contentUrl\":\"https:\\\/\\\/i0.wp.com\\\/colombiamyway.com\\\/wp-content\\\/uploads\\\/2024\\\/12\\\/Green-Modern-and-Minimalistic-Travel-Typography-Logo-2.png?fit=500%2C500&ssl=1\",\"width\":500,\"height\":500,\"caption\":\"Colombia My Way\"},\"image\":{\"@id\":\"https:\\\/\\\/colombiamyway.com\\\/de\\\/#\\\/schema\\\/logo\\\/image\\\/\"},\"sameAs\":[\"https:\\\/\\\/www.facebook.com\\\/profile.php?id=61571407164514\"]},{\"@type\":\"Person\",\"@id\":\"https:\\\/\\\/colombiamyway.com\\\/de\\\/#\\\/schema\\\/person\\\/011d515d7815ef4a06a1d4f782f06711\",\"name\":\"J\",\"image\":{\"@type\":\"ImageObject\",\"inLanguage\":\"de\",\"@id\":\"https:\\\/\\\/secure.gravatar.com\\\/avatar\\\/bf3b73a22b0de0f97a1211e232e3f892dfb68f20041d088345d383fffd417f9c?s=96&d=mm&r=g\",\"url\":\"https:\\\/\\\/secure.gravatar.com\\\/avatar\\\/bf3b73a22b0de0f97a1211e232e3f892dfb68f20041d088345d383fffd417f9c?s=96&d=mm&r=g\",\"contentUrl\":\"https:\\\/\\\/secure.gravatar.com\\\/avatar\\\/bf3b73a22b0de0f97a1211e232e3f892dfb68f20041d088345d383fffd417f9c?s=96&d=mm&r=g\",\"caption\":\"J\"},\"url\":\"https:\\\/\\\/colombiamyway.com\\\/de\\\/author\\\/divisitescuracao\\\/\"}]}<\/script>\n<!-- \/ Yoast SEO plugin. -->","yoast_head_json":{"title":"H\u00e4ufig gestellte Fragen Cartagena - Colombia My Way","description":"Hier finden Sie Antworten auf die am h\u00e4ufigsten gestellten Fragen \u00fcber Cartagena. Ist Cartagena sicher. Wie ist das Klima. Ist Cartagena teuer und mehr.","robots":{"index":"index","follow":"follow","max-snippet":"max-snippet:-1","max-image-preview":"max-image-preview:large","max-video-preview":"max-video-preview:-1"},"canonical":"https:\/\/colombiamyway.com\/de\/haeufig-gestellte-fragen-cartagena\/","og_locale":"de_DE","og_type":"article","og_title":"H\u00e4ufig gestellte Fragen Cartagena - Colombia My Way","og_description":"Hier finden Sie Antworten auf die am h\u00e4ufigsten gestellten Fragen \u00fcber Cartagena. Ist Cartagena sicher. Wie ist das Klima. Ist Cartagena teuer und mehr.","og_url":"https:\/\/colombiamyway.com\/de\/haeufig-gestellte-fragen-cartagena\/","og_site_name":"Colombia My Way","article_publisher":"https:\/\/www.facebook.com\/profile.php?id=61571407164514","article_published_time":"2023-07-21T01:01:20+00:00","article_modified_time":"2025-09-06T18:15:30+00:00","og_image":[{"width":1920,"height":1280,"url":"https:\/\/colombiamyway.com\/wp-content\/uploads\/2023\/07\/scrabble-gba86e7540_1920.jpg","type":"image\/jpeg"}],"author":"J","twitter_card":"summary_large_image","twitter_misc":{"Verfasst von":"J","Gesch\u00e4tzte Lesezeit":"15\u00a0Minuten"},"schema":{"@context":"https:\/\/schema.org","@graph":[{"@type":"Article","@id":"https:\/\/colombiamyway.com\/de\/haeufig-gestellte-fragen-cartagena\/#article","isPartOf":{"@id":"https:\/\/colombiamyway.com\/de\/haeufig-gestellte-fragen-cartagena\/"},"author":{"name":"J","@id":"https:\/\/colombiamyway.com\/de\/#\/schema\/person\/011d515d7815ef4a06a1d4f782f06711"},"headline":"H\u00e4ufig gestellte Fragen Cartagena","datePublished":"2023-07-21T01:01:20+00:00","dateModified":"2025-09-06T18:15:30+00:00","mainEntityOfPage":{"@id":"https:\/\/colombiamyway.com\/de\/haeufig-gestellte-fragen-cartagena\/"},"wordCount":2927,"publisher":{"@id":"https:\/\/colombiamyway.com\/de\/#organization"},"image":{"@id":"https:\/\/colombiamyway.com\/de\/haeufig-gestellte-fragen-cartagena\/#primaryimage"},"thumbnailUrl":"https:\/\/colombiamyway.com\/wp-content\/uploads\/2023\/07\/scrabble-gba86e7540_1920.jpg","articleSection":["Cartagena Reisef\u00fchrer"],"inLanguage":"de"},{"@type":"WebPage","@id":"https:\/\/colombiamyway.com\/de\/haeufig-gestellte-fragen-cartagena\/","url":"https:\/\/colombiamyway.com\/de\/haeufig-gestellte-fragen-cartagena\/","name":"H\u00e4ufig gestellte Fragen Cartagena - Colombia My Way","isPartOf":{"@id":"https:\/\/colombiamyway.com\/de\/#website"},"primaryImageOfPage":{"@id":"https:\/\/colombiamyway.com\/de\/haeufig-gestellte-fragen-cartagena\/#primaryimage"},"image":{"@id":"https:\/\/colombiamyway.com\/de\/haeufig-gestellte-fragen-cartagena\/#primaryimage"},"thumbnailUrl":"https:\/\/colombiamyway.com\/wp-content\/uploads\/2023\/07\/scrabble-gba86e7540_1920.jpg","datePublished":"2023-07-21T01:01:20+00:00","dateModified":"2025-09-06T18:15:30+00:00","description":"Hier finden Sie Antworten auf die am h\u00e4ufigsten gestellten Fragen \u00fcber Cartagena. Ist Cartagena sicher. Wie ist das Klima. Ist Cartagena teuer und mehr.","breadcrumb":{"@id":"https:\/\/colombiamyway.com\/de\/haeufig-gestellte-fragen-cartagena\/#breadcrumb"},"inLanguage":"de","potentialAction":[{"@type":"ReadAction","target":["https:\/\/colombiamyway.com\/de\/haeufig-gestellte-fragen-cartagena\/"]}]},{"@type":"ImageObject","inLanguage":"de","@id":"https:\/\/colombiamyway.com\/de\/haeufig-gestellte-fragen-cartagena\/#primaryimage","url":"https:\/\/colombiamyway.com\/wp-content\/uploads\/2023\/07\/scrabble-gba86e7540_1920.jpg","contentUrl":"https:\/\/colombiamyway.com\/wp-content\/uploads\/2023\/07\/scrabble-gba86e7540_1920.jpg","width":1920,"height":1280},{"@type":"BreadcrumbList","@id":"https:\/\/colombiamyway.com\/de\/haeufig-gestellte-fragen-cartagena\/#breadcrumb","itemListElement":[{"@type":"ListItem","position":1,"name":"Home","item":"https:\/\/colombiamyway.com\/de\/startseite\/"},{"@type":"ListItem","position":2,"name":"H\u00e4ufig gestellte Fragen Cartagena"}]},{"@type":"WebSite","@id":"https:\/\/colombiamyway.com\/de\/#website","url":"https:\/\/colombiamyway.com\/de\/","name":"Colombia My Way","description":"The Guide for the Independent Traveler","publisher":{"@id":"https:\/\/colombiamyway.com\/de\/#organization"},"potentialAction":[{"@type":"SearchAction","target":{"@type":"EntryPoint","urlTemplate":"https:\/\/colombiamyway.com\/de\/?s={search_term_string}"},"query-input":{"@type":"PropertyValueSpecification","valueRequired":true,"valueName":"search_term_string"}}],"inLanguage":"de"},{"@type":"Organization","@id":"https:\/\/colombiamyway.com\/de\/#organization","name":"Colombia My Way","url":"https:\/\/colombiamyway.com\/de\/","logo":{"@type":"ImageObject","inLanguage":"de","@id":"https:\/\/colombiamyway.com\/de\/#\/schema\/logo\/image\/","url":"https:\/\/i0.wp.com\/colombiamyway.com\/wp-content\/uploads\/2024\/12\/Green-Modern-and-Minimalistic-Travel-Typography-Logo-2.png?fit=500%2C500&ssl=1","contentUrl":"https:\/\/i0.wp.com\/colombiamyway.com\/wp-content\/uploads\/2024\/12\/Green-Modern-and-Minimalistic-Travel-Typography-Logo-2.png?fit=500%2C500&ssl=1","width":500,"height":500,"caption":"Colombia My Way"},"image":{"@id":"https:\/\/colombiamyway.com\/de\/#\/schema\/logo\/image\/"},"sameAs":["https:\/\/www.facebook.com\/profile.php?id=61571407164514"]},{"@type":"Person","@id":"https:\/\/colombiamyway.com\/de\/#\/schema\/person\/011d515d7815ef4a06a1d4f782f06711","name":"J","image":{"@type":"ImageObject","inLanguage":"de","@id":"https:\/\/secure.gravatar.com\/avatar\/bf3b73a22b0de0f97a1211e232e3f892dfb68f20041d088345d383fffd417f9c?s=96&d=mm&r=g","url":"https:\/\/secure.gravatar.com\/avatar\/bf3b73a22b0de0f97a1211e232e3f892dfb68f20041d088345d383fffd417f9c?s=96&d=mm&r=g","contentUrl":"https:\/\/secure.gravatar.com\/avatar\/bf3b73a22b0de0f97a1211e232e3f892dfb68f20041d088345d383fffd417f9c?s=96&d=mm&r=g","caption":"J"},"url":"https:\/\/colombiamyway.com\/de\/author\/divisitescuracao\/"}]}},"_links":{"self":[{"href":"https:\/\/colombiamyway.com\/de\/wp-json\/wp\/v2\/posts\/262601","targetHints":{"allow":["GET"]}}],"collection":[{"href":"https:\/\/colombiamyway.com\/de\/wp-json\/wp\/v2\/posts"}],"about":[{"href":"https:\/\/colombiamyway.com\/de\/wp-json\/wp\/v2\/types\/post"}],"author":[{"embeddable":true,"href":"https:\/\/colombiamyway.com\/de\/wp-json\/wp\/v2\/users\/1"}],"replies":[{"embeddable":true,"href":"https:\/\/colombiamyway.com\/de\/wp-json\/wp\/v2\/comments?post=262601"}],"version-history":[{"count":11,"href":"https:\/\/colombiamyway.com\/de\/wp-json\/wp\/v2\/posts\/262601\/revisions"}],"predecessor-version":[{"id":269108,"href":"https:\/\/colombiamyway.com\/de\/wp-json\/wp\/v2\/posts\/262601\/revisions\/269108"}],"wp:featuredmedia":[{"embeddable":true,"href":"https:\/\/colombiamyway.com\/de\/wp-json\/wp\/v2\/media\/258536"}],"wp:attachment":[{"href":"https:\/\/colombiamyway.com\/de\/wp-json\/wp\/v2\/media?parent=262601"}],"wp:term":[{"taxonomy":"category","embeddable":true,"href":"https:\/\/colombiamyway.com\/de\/wp-json\/wp\/v2\/categories?post=262601"},{"taxonomy":"post_tag","embeddable":true,"href":"https:\/\/colombiamyway.com\/de\/wp-json\/wp\/v2\/tags?post=262601"}],"curies":[{"name":"wp","href":"https:\/\/api.w.org\/{rel}","templated":true}]}}